{"id":3281,"date":"2026-07-02T08:51:25","date_gmt":"2026-07-02T08:51:25","guid":{"rendered":"https:\/\/lipoart.es\/?p=3281"},"modified":"2026-07-02T08:51:25","modified_gmt":"2026-07-02T08:51:25","slug":"contorno-mandibular-la-clave-de-un-rostro-definido","status":"publish","type":"post","link":"https:\/\/lipoart.es\/en\/contorno-mandibular-la-clave-de-un-rostro-definido\/","title":{"rendered":"Contorno mandibular: la clave de un rostro definido"},"content":{"rendered":"<h1 class=\"PDq2pG_selectionAnchorContainer\" data-section-id=\"kjtpz2\" data-start=\"0\" data-end=\"53\"><\/h1>\n<p data-start=\"55\" data-end=\"384\">El contorno mandibular es uno de los elementos m\u00e1s importantes de la armon\u00eda facial. Una mand\u00edbula bien definida transmite juventud, atractivo, fuerza y equilibrio est\u00e9tico. De hecho, muchas personas no se sienten satisfechas con su apariencia porque perciben un rostro poco definido, fl\u00e1cido o sin una estructura facial marcada.<\/p>\n<p data-start=\"386\" data-end=\"546\">Afortunadamente, la medicina est\u00e9tica actual ofrece soluciones eficaces para mejorar el contorno mandibular sin necesidad de cirug\u00eda en la mayor\u00eda de los casos.<\/p>\n<h2 data-section-id=\"o3dl96\" data-start=\"548\" data-end=\"582\">\u00bfQu\u00e9 es el contorno mandibular?<\/h2>\n<p data-start=\"584\" data-end=\"844\">El contorno mandibular es la l\u00ednea que va desde el \u00e1ngulo de la mand\u00edbula hasta el ment\u00f3n, delimitando la parte inferior del rostro. Esta estructura determina gran parte de la forma de la cara y juega un papel fundamental en la percepci\u00f3n de la belleza facial.<\/p>\n<p data-start=\"846\" data-end=\"881\">Una mand\u00edbula bien definida aporta:<\/p>\n<ul data-start=\"883\" data-end=\"1025\">\n<li data-section-id=\"1futxj1\" data-start=\"883\" data-end=\"906\">Mayor armon\u00eda facial.<\/li>\n<li data-section-id=\"yr5gu6\" data-start=\"907\" data-end=\"927\">Aspecto m\u00e1s joven.<\/li>\n<li data-section-id=\"1x7m7di\" data-start=\"928\" data-end=\"958\">Mejor definici\u00f3n del cuello.<\/li>\n<li data-section-id=\"9wfwt8\" data-start=\"959\" data-end=\"982\">Perfil m\u00e1s atractivo.<\/li>\n<li data-section-id=\"1jsn6g4\" data-start=\"983\" data-end=\"1025\">Apariencia de mayor firmeza y tonicidad.<\/li>\n<\/ul>\n<h2 data-section-id=\"1g0n7jc\" data-start=\"1027\" data-end=\"1074\">\u00bfPor qu\u00e9 se pierde la definici\u00f3n mandibular?<\/h2>\n<p data-start=\"1076\" data-end=\"1155\">Existen diversos factores que contribuyen a la p\u00e9rdida del contorno mandibular:<\/p>\n<h3 data-section-id=\"k1gt4f\" data-start=\"1157\" data-end=\"1175\">Envejecimiento<\/h3>\n<p data-start=\"1177\" data-end=\"1212\">Con el paso de los a\u00f1os se produce:<\/p>\n<ul data-start=\"1214\" data-end=\"1333\">\n<li data-section-id=\"hk4bti\" data-start=\"1214\" data-end=\"1247\">P\u00e9rdida de col\u00e1geno y elastina.<\/li>\n<li data-section-id=\"1es9tv1\" data-start=\"1248\" data-end=\"1283\">Descenso de los tejidos faciales.<\/li>\n<li data-section-id=\"11qyew8\" data-start=\"1284\" data-end=\"1310\">P\u00e9rdida de volumen \u00f3seo.<\/li>\n<li data-section-id=\"t4lxpc\" data-start=\"1311\" data-end=\"1333\">Flacidez de la piel.<\/li>\n<\/ul>\n<p data-start=\"1335\" data-end=\"1430\">Todo ello hace que la mand\u00edbula pierda definici\u00f3n y aparezcan las llamadas \u00abpapadas\u00bb o \u00abjowls\u00bb.<\/p>\n<h3 data-section-id=\"pdol5m\" data-start=\"1432\" data-end=\"1454\">Factores gen\u00e9ticos<\/h3>\n<p data-start=\"1456\" data-end=\"1542\">Algunas personas nacen con una mand\u00edbula poco proyectada o con escasa definici\u00f3n \u00f3sea.<\/p>\n<h3 data-section-id=\"vts86j\" data-start=\"1544\" data-end=\"1573\">P\u00e9rdida o aumento de peso<\/h3>\n<p data-start=\"1575\" data-end=\"1687\">Las variaciones importantes de peso pueden provocar flacidez y desestructuraci\u00f3n del tercio inferior del rostro.<\/p>\n<h3 data-section-id=\"js6f4s\" data-start=\"1689\" data-end=\"1711\">Cambios hormonales<\/h3>\n<p data-start=\"1713\" data-end=\"1806\">La disminuci\u00f3n de estr\u00f3genos y testosterona puede favorecer la p\u00e9rdida de firmeza de la piel.<\/p>\n<h2 data-section-id=\"1jpphh0\" data-start=\"1808\" data-end=\"1854\">\u00bfPor qu\u00e9 una mand\u00edbula definida rejuvenece?<\/h2>\n<p data-start=\"1856\" data-end=\"1978\">El envejecimiento facial no solo depende de las arrugas. Gran parte del envejecimiento se debe a la p\u00e9rdida de estructura.<\/p>\n<p data-start=\"1980\" data-end=\"2036\">Cuando recuperamos un contorno mandibular bien definido:<\/p>\n<ul data-start=\"2038\" data-end=\"2189\">\n<li data-section-id=\"1mtzgz3\" data-start=\"2038\" data-end=\"2067\">El rostro parece m\u00e1s joven.<\/li>\n<li data-section-id=\"162brj4\" data-start=\"2068\" data-end=\"2096\">Se mejora el \u00f3valo facial.<\/li>\n<li data-section-id=\"198ozj8\" data-start=\"2097\" data-end=\"2133\">Se reduce visualmente la flacidez.<\/li>\n<li data-section-id=\"fdydz8\" data-start=\"2134\" data-end=\"2189\">Se consigue un efecto de mayor elegancia y atractivo.<\/li>\n<\/ul>\n<p data-start=\"2191\" data-end=\"2330\">Por este motivo, el tratamiento del contorno mandibular se ha convertido en uno de los procedimientos m\u00e1s solicitados en medicina est\u00e9tica.<\/p>\n<h2 data-section-id=\"1yyp9rh\" data-start=\"2332\" data-end=\"2383\">Tratamientos para definir el contorno mandibular<\/h2>\n<h3 data-section-id=\"13wddx1\" data-start=\"2385\" data-end=\"2406\">\u00c1cido hialur\u00f3nico<\/h3>\n<p data-start=\"2408\" data-end=\"2463\">Es el tratamiento estrella para redefinir la mand\u00edbula.<\/p>\n<p data-start=\"2465\" data-end=\"2473\">Permite:<\/p>\n<ul data-start=\"2475\" data-end=\"2631\">\n<li data-section-id=\"1s9hyc1\" data-start=\"2475\" data-end=\"2516\">Crear una l\u00ednea mandibular m\u00e1s marcada.<\/li>\n<li data-section-id=\"yl1ue7\" data-start=\"2517\" data-end=\"2546\">Mejorar la simetr\u00eda facial.<\/li>\n<li data-section-id=\"gsofpv\" data-start=\"2547\" data-end=\"2586\">Corregir mand\u00edbulas poco proyectadas.<\/li>\n<li data-section-id=\"7vi211\" data-start=\"2587\" data-end=\"2631\">Rejuvenecer el tercio inferior del rostro.<\/li>\n<\/ul>\n<p data-start=\"2633\" data-end=\"2726\">Los resultados son inmediatos y naturales cuando el tratamiento est\u00e1 correctamente realizado.<\/p>\n<h3 data-section-id=\"fet3db\" data-start=\"2728\" data-end=\"2754\">Inductores de col\u00e1geno<\/h3>\n<p data-start=\"2756\" data-end=\"2822\">Estimulan la producci\u00f3n de col\u00e1geno y ayudan a tensar los tejidos.<\/p>\n<p data-start=\"2824\" data-end=\"2866\">Son especialmente \u00fatiles en pacientes con:<\/p>\n<ul data-start=\"2868\" data-end=\"2939\">\n<li data-section-id=\"r744tl\" data-start=\"2868\" data-end=\"2888\">Flacidez moderada.<\/li>\n<li data-section-id=\"3uqomi\" data-start=\"2889\" data-end=\"2910\">P\u00e9rdida de firmeza.<\/li>\n<li data-section-id=\"1yhpivl\" data-start=\"2911\" data-end=\"2939\">Envejecimiento progresivo.<\/li>\n<\/ul>\n<h3 data-section-id=\"g587ow\" data-start=\"2941\" data-end=\"2960\">Radiofrequency<\/h3>\n<p data-start=\"2962\" data-end=\"3024\">Ayuda a mejorar la calidad de la piel y la tensi\u00f3n del tejido.<\/p>\n<h3 data-section-id=\"1qyglj9\" data-start=\"3026\" data-end=\"3052\">Lip\u00f3lisis de la papada<\/h3>\n<p data-start=\"3054\" data-end=\"3186\">En pacientes con exceso de grasa bajo el ment\u00f3n, la eliminaci\u00f3n de la grasa localizada mejora notablemente la definici\u00f3n mandibular.<\/p>\n<h3 data-section-id=\"vrqe34\" data-start=\"3188\" data-end=\"3206\">tension threads<\/h3>\n<p data-start=\"3208\" data-end=\"3289\">Pueden aportar un ligero efecto de elevaci\u00f3n en determinados casos seleccionados.<\/p>\n<h2 data-section-id=\"1783zsx\" data-start=\"3291\" data-end=\"3322\">\u00bfQui\u00e9n es un buen candidato?<\/h2>\n<p data-start=\"3324\" data-end=\"3381\">Los mejores candidatos suelen ser personas que presentan:<\/p>\n<ul data-start=\"3383\" data-end=\"3539\">\n<li data-section-id=\"1yaw5xs\" data-start=\"3383\" data-end=\"3424\">P\u00e9rdida de definici\u00f3n del \u00f3valo facial.<\/li>\n<li data-section-id=\"1be4sn1\" data-start=\"3425\" data-end=\"3450\">Mand\u00edbula poco marcada.<\/li>\n<li data-section-id=\"19fmy1i\" data-start=\"3451\" data-end=\"3472\">Inicio de flacidez.<\/li>\n<li data-section-id=\"13n74xv\" data-start=\"3473\" data-end=\"3498\">Papada leve o moderada.<\/li>\n<li data-section-id=\"1uklh0j\" data-start=\"3499\" data-end=\"3539\">Deseo de rejuvenecimiento sin cirug\u00eda.<\/li>\n<\/ul>\n<h2 data-section-id=\"37g0uz\" data-start=\"3541\" data-end=\"3572\">\u00bfEl resultado se ve natural?<\/h2>\n<p data-start=\"3574\" data-end=\"3659\">La tendencia actual en medicina est\u00e9tica no busca rostros exagerados ni artificiales.<\/p>\n<p data-start=\"3661\" data-end=\"3676\">El objetivo es:<\/p>\n<p data-start=\"3678\" data-end=\"3774\"><strong data-start=\"3678\" data-end=\"3774\">Respetar las facciones del paciente y devolver la estructura que el tiempo ha ido perdiendo.<\/strong><\/p>\n<p data-start=\"3776\" data-end=\"3921\">Una mand\u00edbula bien tratada no hace que la persona parezca \u00abrellena\u00bb, sino m\u00e1s descansada, m\u00e1s atractiva y con un aspecto claramente rejuvenecido.<\/p>\n<h2 data-section-id=\"8dqre\" data-start=\"3923\" data-end=\"3936\">Conclusi\u00f3n<\/h2>\n<p data-start=\"3938\" data-end=\"4163\">La definici\u00f3n del contorno mandibular es uno de los tratamientos con mayor capacidad de transformar un rostro. Peque\u00f1os cambios en esta zona pueden producir un gran impacto en la armon\u00eda facial y en la percepci\u00f3n de juventud.<\/p>\n<p data-start=\"4165\" data-end=\"4317\">Porque muchas veces, el secreto de un rostro atractivo no est\u00e1 en borrar las arrugas, sino en recuperar la estructura que el tiempo ha ido desdibujando.<\/p>\n<p data-start=\"4319\" data-end=\"4421\" data-is-last-node=\"\" data-is-only-node=\"\"><strong data-start=\"4319\" data-end=\"4421\" data-is-last-node=\"\">En medicina est\u00e9tica, una mand\u00edbula bien definida es sin\u00f3nimo de elegancia, equilibrio y juventud.<\/strong><\/p>","protected":false},"excerpt":{"rendered":"<p>El contorno mandibular es uno de los elementos m\u00e1s importantes de la armon\u00eda facial. Una mand\u00edbula bien definida transmite juventud, [&hellip;]<\/p>\n","protected":false},"author":1,"featured_media":3283,"comment_status":"open","ping_status":"open","sticky":false,"template":"","format":"standard","meta":{"site-sidebar-layout":"default","site-content-layout":"","ast-site-content-layout":"default","site-content-style":"default","site-sidebar-style":"default","ast-global-header-display":"","ast-banner-title-visibility":"","ast-main-header-display":"","ast-hfb-above-header-display":"","ast-hfb-below-header-display":"","ast-hfb-mobile-header-display":"","site-post-title":"","ast-breadcrumbs-content":"","ast-featured-img":"","footer-sml-layout":"","theme-transparent-header-meta":"default","adv-header-id-meta":"","stick-header-meta":"","header-above-stick-meta":"","header-main-stick-meta":"","header-below-stick-meta":"","astra-migrate-meta-layouts":"set","ast-page-background-enabled":"default","ast-page-background-meta":{"desktop":{"background-color":"var(--ast-global-color-4)","background-image":"","background-repeat":"repeat","background-position":"center center","background-size":"auto","background-attachment":"scroll","background-type":"","background-media":"","overlay-type":"","overlay-color":"","overlay-opacity":"","overlay-gradient":""},"tablet":{"background-color":"","background-image":"","background-repeat":"repeat","background-position":"center center","background-size":"auto","background-attachment":"scroll","background-type":"","background-media":"","overlay-type":"","overlay-color":"","overlay-opacity":"","overlay-gradient":""},"mobile":{"background-color":"","background-image":"","background-repeat":"repeat","background-position":"center center","background-size":"auto","background-attachment":"scroll","background-type":"","background-media":"","overlay-type":"","overlay-color":"","overlay-opacity":"","overlay-gradient":""}},"ast-content-background-meta":{"desktop":{"background-color":"var(--ast-global-color-5)","background-image":"","background-repeat":"repeat","background-position":"center center","background-size":"auto","background-attachment":"scroll","background-type":"","background-media":"","overlay-type":"","overlay-color":"","overlay-opacity":"","overlay-gradient":""},"tablet":{"background-color":"var(--ast-global-color-5)","background-image":"","background-repeat":"repeat","background-position":"center center","background-size":"auto","background-attachment":"scroll","background-type":"","background-media":"","overlay-type":"","overlay-color":"","overlay-opacity":"","overlay-gradient":""},"mobile":{"background-color":"var(--ast-global-color-5)","background-image":"","background-repeat":"repeat","background-position":"center center","background-size":"auto","background-attachment":"scroll","background-type":"","background-media":"","overlay-type":"","overlay-color":"","overlay-opacity":"","overlay-gradient":""}},"footnotes":""},"categories":[12,14,21],"tags":[],"class_list":["post-3281","post","type-post","status-publish","format-standard","has-post-thumbnail","hentry","category-consejos-esteticos","category-rellenos-y-armonizacion","category-remodelacion-corporal"],"_links":{"self":[{"href":"https:\/\/lipoart.es\/en\/wp-json\/wp\/v2\/posts\/3281","targetHints":{"allow":["GET"]}}],"collection":[{"href":"https:\/\/lipoart.es\/en\/wp-json\/wp\/v2\/posts"}],"about":[{"href":"https:\/\/lipoart.es\/en\/wp-json\/wp\/v2\/types\/post"}],"author":[{"embeddable":true,"href":"https:\/\/lipoart.es\/en\/wp-json\/wp\/v2\/users\/1"}],"replies":[{"embeddable":true,"href":"https:\/\/lipoart.es\/en\/wp-json\/wp\/v2\/comments?post=3281"}],"version-history":[{"count":1,"href":"https:\/\/lipoart.es\/en\/wp-json\/wp\/v2\/posts\/3281\/revisions"}],"predecessor-version":[{"id":3284,"href":"https:\/\/lipoart.es\/en\/wp-json\/wp\/v2\/posts\/3281\/revisions\/3284"}],"wp:featuredmedia":[{"embeddable":true,"href":"https:\/\/lipoart.es\/en\/wp-json\/wp\/v2\/media\/3283"}],"wp:attachment":[{"href":"https:\/\/lipoart.es\/en\/wp-json\/wp\/v2\/media?parent=3281"}],"wp:term":[{"taxonomy":"category","embeddable":true,"href":"https:\/\/lipoart.es\/en\/wp-json\/wp\/v2\/categories?post=3281"},{"taxonomy":"post_tag","embeddable":true,"href":"https:\/\/lipoart.es\/en\/wp-json\/wp\/v2\/tags?post=3281"}],"curies":[{"name":"wp","href":"https:\/\/api.w.org\/{rel}","templated":true}]}}